{"id":572,"date":"2025-12-23T11:12:11","date_gmt":"2025-12-23T10:12:11","guid":{"rendered":"https:\/\/www.leigneux.fr\/?p=572"},"modified":"2026-03-02T10:33:44","modified_gmt":"2026-03-02T09:33:44","slug":"plan-local-durbanisme-intercommunal-plui","status":"publish","type":"post","link":"https:\/\/www.leigneux.fr\/index.php\/2025\/12\/23\/plan-local-durbanisme-intercommunal-plui\/","title":{"rendered":"Plan Local d&#8217;Urbanisme Intercommunal (PLUi)"},"content":{"rendered":"<div id=\"pl-572\"  class=\"panel-layout\" ><div id=\"pg-572-0\"  class=\"panel-grid panel-no-style\" ><div id=\"pgc-572-0-0\"  class=\"panel-grid-cell\" ><div id=\"panel-572-0-0-0\" class=\"so-panel widget widget_sow-editor panel-first-child panel-last-child\" data-index=\"0\" ><div\n\t\t\t\n\t\t\tclass=\"so-widget-sow-editor so-widget-sow-editor-base\"\n\t\t\t\n\t\t><h3 class=\"widget-title\">PLUi - Mise \u00e0 jour du droit de pr\u00e9emption urbain (DPU) et du droit de pr\u00e9emption urbain renforc\u00e9 (DPUr), et des d\u00e9l\u00e9gations<\/h3>\n<div class=\"siteorigin-widget-tinymce textwidget\">\n\t<p>D\u00e9lib\u00e9rations prises le 17 f\u00e9vrier 2026 en conseil Communautaire<\/p>\n<p><a href=\"https:\/\/www.leigneux.fr\/wp-content\/uploads\/2025\/12\/Deliberation_CC_DPU_20260217_procedureannexes.pdf\">Deliberation_CC_DPU_20260217_procedure+annexes<\/a><\/p>\n<p>Pour plus d'information : <a href=\"https:\/\/www.pluiloireforez.fr\/doc-consultable\/\">https:\/\/www.pluiloireforez.fr\/doc-consultable\/<\/a><\/p>\n<\/div>\n<\/div><\/div><\/div><\/div><div id=\"pg-572-1\"  class=\"panel-grid panel-no-style\" ><div id=\"pgc-572-1-0\"  class=\"panel-grid-cell\" ><div id=\"panel-572-1-0-0\" class=\"so-panel widget widget_sow-editor panel-first-child panel-last-child\" data-index=\"1\" ><div\n\t\t\t\n\t\t\tclass=\"so-widget-sow-editor so-widget-sow-editor-base\"\n\t\t\t\n\t\t><h3 class=\"widget-title\">PLUi <\/h3>\n<div class=\"siteorigin-widget-tinymce textwidget\">\n\t<p>D\u00e9lib\u00e9rations prises le 25 novembre 2025 en conseil des Maires<\/p>\n<p><a href=\"https:\/\/www.leigneux.fr\/wp-content\/uploads\/2025\/11\/20251125_CC_DEL17_PLU.pdf\">20251125_CC_DEL17_PLU<\/a><\/p>\n<p><a href=\"https:\/\/www.leigneux.fr\/wp-content\/uploads\/2025\/11\/20251125_CC_DEL17_PLU_Annexe_Bilan_de_la_concertation_PLUi_84communes.pdf\">20251125_CC_DEL17_PLU_Annexe_Bilan_de_la_concertation_PLUi_84communes<\/a><\/p>\n<p><a href=\"https:\/\/www.leigneux.fr\/wp-content\/uploads\/2025\/11\/20251125_CC_DEL18_PLU.pdf\">20251125_CC_DEL18_PLU<\/a><\/p>\n<p>&nbsp;<\/p>\n<p>Pour plus d'information : <a href=\"https:\/\/www.pluiloireforez.fr\/doc-consultable\/\">https:\/\/www.pluiloireforez.fr\/doc-consultable\/<\/a><\/p>\n<\/div>\n<\/div><\/div><\/div><\/div><\/div>","protected":false},"excerpt":{"rendered":"<p>D\u00e9lib\u00e9rations prises le 17 f\u00e9vrier 2026 en conseil Communautaire Deliberation_CC_DPU_20260217_procedure+annexes Pour plus d&#8217;information : https:\/\/www.pluiloireforez.fr\/doc-consultable\/ D\u00e9lib\u00e9rations prises le 25 novembre 2025 en conseil des Maires 20251125_CC_DEL17_PLU 20251125_CC_DEL17_PLU_Annexe_Bilan_de_la_concertation_PLUi_84communes 20251125_CC_DEL18_PLU &nbsp; Pour plus d&#8217;information : https:\/\/www.pluiloireforez.fr\/doc-consultable\/<\/p>\n","protected":false},"author":1,"featured_media":0,"comment_status":"open","ping_status":"open","sticky":false,"template":"","format":"standard","meta":{"_acf_changed":false,"footnotes":""},"categories":[1],"tags":[],"class_list":["post-572","post","type-post","status-publish","format-standard","hentry","category-info-utile"],"acf":[],"_links":{"self":[{"href":"https:\/\/www.leigneux.fr\/index.php\/wp-json\/wp\/v2\/posts\/572","targetHints":{"allow":["GET"]}}],"collection":[{"href":"https:\/\/www.leigneux.fr\/index.php\/wp-json\/wp\/v2\/posts"}],"about":[{"href":"https:\/\/www.leigneux.fr\/index.php\/wp-json\/wp\/v2\/types\/post"}],"author":[{"embeddable":true,"href":"https:\/\/www.leigneux.fr\/index.php\/wp-json\/wp\/v2\/users\/1"}],"replies":[{"embeddable":true,"href":"https:\/\/www.leigneux.fr\/index.php\/wp-json\/wp\/v2\/comments?post=572"}],"version-history":[{"count":4,"href":"https:\/\/www.leigneux.fr\/index.php\/wp-json\/wp\/v2\/posts\/572\/revisions"}],"predecessor-version":[{"id":596,"href":"https:\/\/www.leigneux.fr\/index.php\/wp-json\/wp\/v2\/posts\/572\/revisions\/596"}],"wp:attachment":[{"href":"https:\/\/www.leigneux.fr\/index.php\/wp-json\/wp\/v2\/media?parent=572"}],"wp:term":[{"taxonomy":"category","embeddable":true,"href":"https:\/\/www.leigneux.fr\/index.php\/wp-json\/wp\/v2\/categories?post=572"},{"taxonomy":"post_tag","embeddable":true,"href":"https:\/\/www.leigneux.fr\/index.php\/wp-json\/wp\/v2\/tags?post=572"}],"curies":[{"name":"wp","href":"https:\/\/api.w.org\/{rel}","templated":true}]}}